{"id":3387,"date":"2021-09-30T16:14:54","date_gmt":"2021-09-30T14:14:54","guid":{"rendered":"https:\/\/www.domaineducastellas.fr\/uncategorized\/quand-la-table-1720-fait-la-part-belle-a-la-gastronomie-du-luberon\/"},"modified":"2025-11-03T12:27:24","modified_gmt":"2025-11-03T11:27:24","slug":"quand-la-table-1720-fait-la-part-belle-a-la-gastronomie-du-luberon","status":"publish","type":"post","link":"https:\/\/www.domaineducastellas.fr\/en\/little-secrets\/petits-plats-en\/quand-la-table-1720-fait-la-part-belle-a-la-gastronomie-du-luberon\/","title":{"rendered":"La Table 1720 &#038; la gastronomie du Luberon"},"content":{"rendered":"","protected":false},"excerpt":{"rendered":"<p>La r\u00e9gion du Luberon est assur\u00e9ment connue pour sa cuisine proven\u00e7ale, dont les recettes occupent une place de choix dans la gastronomie fran\u00e7aise. Des produits de caract\u00e8re qui aspirent \u00e0 la simplicit\u00e9 culinaire et que La Table 1720 aime accommoder pour r\u00e9galer vos papilles.<\/p>\n","protected":false},"author":1,"featured_media":3830,"comment_status":"closed","ping_status":"closed","sticky":true,"template":"","format":"standard","meta":{"_acf_changed":false,"inline_featured_image":false,"footnotes":""},"categories":[22],"tags":[],"class_list":["post-3387","post","type-post","status-publish","format-standard","has-post-thumbnail","hentry","category-petits-plats-en"],"acf":[],"yoast_head":"<!-- This site is optimized with the Yoast SEO plugin v28.4 - https:\/\/yoast.com\/product\/yoast-seo-wordpress\/ -->\n<title>La Table 1720 &amp; la gastronomie du Luberon - Domaine du Castellas<\/title>\n<meta name=\"description\" content=\"Le Domaine du Castellas s\u2019\u00e9vertue \u00e0 proposer une cuisine fran\u00e7aise gastronomique de caract\u00e8re, qui ait du sens et le go\u00fbt des choses simples.\" \/>\n<meta name=\"robots\" content=\"index, follow, max-snippet:-1, max-image-preview:large, max-video-preview:-1\" \/>\n<link rel=\"canonical\" href=\"https:\/\/www.domaineducastellas.fr\/en\/little-secrets\/petits-plats-en\/quand-la-table-1720-fait-la-part-belle-a-la-gastronomie-du-luberon\/\" \/>\n<meta property=\"og:locale\" content=\"en_US\" \/>\n<meta property=\"og:type\" content=\"article\" \/>\n<meta property=\"og:title\" content=\"La Table 1720 &amp; la gastronomie du Luberon - Domaine du Castellas\" \/>\n<meta property=\"og:description\" content=\"Le Domaine du Castellas s\u2019\u00e9vertue \u00e0 proposer une cuisine fran\u00e7aise gastronomique de caract\u00e8re, qui ait du sens et le go\u00fbt des choses simples.\" \/>\n<meta property=\"og:url\" content=\"https:\/\/www.domaineducastellas.fr\/en\/little-secrets\/petits-plats-en\/quand-la-table-1720-fait-la-part-belle-a-la-gastronomie-du-luberon\/\" \/>\n<meta property=\"og:site_name\" content=\"Domaine du Castellas\" \/>\n<meta property=\"article:published_time\" content=\"2021-09-30T14:14:54+00:00\" \/>\n<meta property=\"article:modified_time\" content=\"2025-11-03T11:27:24+00:00\" \/>\n<meta property=\"og:image\" content=\"https:\/\/www.domaineducastellas.fr\/wp-content\/uploads\/2023\/06\/Covaproductions-Castellas-217.jpg\" \/>\n\t<meta property=\"og:image:width\" content=\"1707\" \/>\n\t<meta property=\"og:image:height\" content=\"2560\" \/>\n\t<meta property=\"og:image:type\" content=\"image\/jpeg\" \/>\n<meta name=\"author\" content=\"castellas_admin\" \/>\n<meta name=\"twitter:card\" content=\"summary_large_image\" \/>\n<meta name=\"twitter:label1\" content=\"Written by\" \/>\n\t<meta name=\"twitter:data1\" content=\"castellas_admin\" \/>\n<script type=\"application\/ld+json\" class=\"yoast-schema-graph\">{\"@context\":\"https:\\\/\\\/schema.org\",\"@graph\":[{\"@type\":\"Article\",\"@id\":\"https:\\\/\\\/www.domaineducastellas.fr\\\/en\\\/little-secrets\\\/petits-plats-en\\\/quand-la-table-1720-fait-la-part-belle-a-la-gastronomie-du-luberon\\\/#article\",\"isPartOf\":{\"@id\":\"https:\\\/\\\/www.domaineducastellas.fr\\\/en\\\/little-secrets\\\/petits-plats-en\\\/quand-la-table-1720-fait-la-part-belle-a-la-gastronomie-du-luberon\\\/\"},\"author\":{\"name\":\"castellas_admin\",\"@id\":\"https:\\\/\\\/www.domaineducastellas.fr\\\/en\\\/#\\\/schema\\\/person\\\/9d0e2385e14a4b61508cbfa42f688015\"},\"headline\":\"La Table 1720 &#038; la gastronomie du Luberon\",\"datePublished\":\"2021-09-30T14:14:54+00:00\",\"dateModified\":\"2025-11-03T11:27:24+00:00\",\"mainEntityOfPage\":{\"@id\":\"https:\\\/\\\/www.domaineducastellas.fr\\\/en\\\/little-secrets\\\/petits-plats-en\\\/quand-la-table-1720-fait-la-part-belle-a-la-gastronomie-du-luberon\\\/\"},\"wordCount\":6,\"image\":{\"@id\":\"https:\\\/\\\/www.domaineducastellas.fr\\\/en\\\/little-secrets\\\/petits-plats-en\\\/quand-la-table-1720-fait-la-part-belle-a-la-gastronomie-du-luberon\\\/#primaryimage\"},\"thumbnailUrl\":\"https:\\\/\\\/www.domaineducastellas.fr\\\/wp-content\\\/uploads\\\/2023\\\/06\\\/Covaproductions-Castellas-217.jpg\",\"articleSection\":[\"Petits plats\"],\"inLanguage\":\"en-US\"},{\"@type\":\"WebPage\",\"@id\":\"https:\\\/\\\/www.domaineducastellas.fr\\\/en\\\/little-secrets\\\/petits-plats-en\\\/quand-la-table-1720-fait-la-part-belle-a-la-gastronomie-du-luberon\\\/\",\"url\":\"https:\\\/\\\/www.domaineducastellas.fr\\\/en\\\/little-secrets\\\/petits-plats-en\\\/quand-la-table-1720-fait-la-part-belle-a-la-gastronomie-du-luberon\\\/\",\"name\":\"La Table 1720 & la gastronomie du Luberon - Domaine du Castellas\",\"isPartOf\":{\"@id\":\"https:\\\/\\\/www.domaineducastellas.fr\\\/en\\\/#website\"},\"primaryImageOfPage\":{\"@id\":\"https:\\\/\\\/www.domaineducastellas.fr\\\/en\\\/little-secrets\\\/petits-plats-en\\\/quand-la-table-1720-fait-la-part-belle-a-la-gastronomie-du-luberon\\\/#primaryimage\"},\"image\":{\"@id\":\"https:\\\/\\\/www.domaineducastellas.fr\\\/en\\\/little-secrets\\\/petits-plats-en\\\/quand-la-table-1720-fait-la-part-belle-a-la-gastronomie-du-luberon\\\/#primaryimage\"},\"thumbnailUrl\":\"https:\\\/\\\/www.domaineducastellas.fr\\\/wp-content\\\/uploads\\\/2023\\\/06\\\/Covaproductions-Castellas-217.jpg\",\"datePublished\":\"2021-09-30T14:14:54+00:00\",\"dateModified\":\"2025-11-03T11:27:24+00:00\",\"author\":{\"@id\":\"https:\\\/\\\/www.domaineducastellas.fr\\\/en\\\/#\\\/schema\\\/person\\\/9d0e2385e14a4b61508cbfa42f688015\"},\"description\":\"Le Domaine du Castellas s\u2019\u00e9vertue \u00e0 proposer une cuisine fran\u00e7aise gastronomique de caract\u00e8re, qui ait du sens et le go\u00fbt des choses simples.\",\"breadcrumb\":{\"@id\":\"https:\\\/\\\/www.domaineducastellas.fr\\\/en\\\/little-secrets\\\/petits-plats-en\\\/quand-la-table-1720-fait-la-part-belle-a-la-gastronomie-du-luberon\\\/#breadcrumb\"},\"inLanguage\":\"en-US\",\"potentialAction\":[{\"@type\":\"ReadAction\",\"target\":[\"https:\\\/\\\/www.domaineducastellas.fr\\\/en\\\/little-secrets\\\/petits-plats-en\\\/quand-la-table-1720-fait-la-part-belle-a-la-gastronomie-du-luberon\\\/\"]}]},{\"@type\":\"ImageObject\",\"inLanguage\":\"en-US\",\"@id\":\"https:\\\/\\\/www.domaineducastellas.fr\\\/en\\\/little-secrets\\\/petits-plats-en\\\/quand-la-table-1720-fait-la-part-belle-a-la-gastronomie-du-luberon\\\/#primaryimage\",\"url\":\"https:\\\/\\\/www.domaineducastellas.fr\\\/wp-content\\\/uploads\\\/2023\\\/06\\\/Covaproductions-Castellas-217.jpg\",\"contentUrl\":\"https:\\\/\\\/www.domaineducastellas.fr\\\/wp-content\\\/uploads\\\/2023\\\/06\\\/Covaproductions-Castellas-217.jpg\",\"width\":1707,\"height\":2560},{\"@type\":\"BreadcrumbList\",\"@id\":\"https:\\\/\\\/www.domaineducastellas.fr\\\/en\\\/little-secrets\\\/petits-plats-en\\\/quand-la-table-1720-fait-la-part-belle-a-la-gastronomie-du-luberon\\\/#breadcrumb\",\"itemListElement\":[{\"@type\":\"ListItem\",\"position\":1,\"name\":\"Accueil\",\"item\":\"https:\\\/\\\/www.domaineducastellas.fr\\\/en\\\/\"},{\"@type\":\"ListItem\",\"position\":2,\"name\":\"La Table 1720 &#038; la gastronomie du Luberon\"}]},{\"@type\":\"WebSite\",\"@id\":\"https:\\\/\\\/www.domaineducastellas.fr\\\/en\\\/#website\",\"url\":\"https:\\\/\\\/www.domaineducastellas.fr\\\/en\\\/\",\"name\":\"Domaine du Castellas\",\"description\":\"Le Hameau du Luberon\",\"potentialAction\":[{\"@type\":\"SearchAction\",\"target\":{\"@type\":\"EntryPoint\",\"urlTemplate\":\"https:\\\/\\\/www.domaineducastellas.fr\\\/en\\\/?s={search_term_string}\"},\"query-input\":{\"@type\":\"PropertyValueSpecification\",\"valueRequired\":true,\"valueName\":\"search_term_string\"}}],\"inLanguage\":\"en-US\"},{\"@type\":\"Person\",\"@id\":\"https:\\\/\\\/www.domaineducastellas.fr\\\/en\\\/#\\\/schema\\\/person\\\/9d0e2385e14a4b61508cbfa42f688015\",\"name\":\"castellas_admin\",\"image\":{\"@type\":\"ImageObject\",\"inLanguage\":\"en-US\",\"@id\":\"https:\\\/\\\/secure.gravatar.com\\\/avatar\\\/2e4b9d496b74354910b331b89709ae911bc15664c702753a890d0436d7801f37?s=96&d=mm&r=g\",\"url\":\"https:\\\/\\\/secure.gravatar.com\\\/avatar\\\/2e4b9d496b74354910b331b89709ae911bc15664c702753a890d0436d7801f37?s=96&d=mm&r=g\",\"contentUrl\":\"https:\\\/\\\/secure.gravatar.com\\\/avatar\\\/2e4b9d496b74354910b331b89709ae911bc15664c702753a890d0436d7801f37?s=96&d=mm&r=g\",\"caption\":\"castellas_admin\"}}]}<\/script>\n<!-- \/ Yoast SEO plugin. -->","yoast_head_json":{"title":"La Table 1720 & la gastronomie du Luberon - Domaine du Castellas","description":"Le Domaine du Castellas s\u2019\u00e9vertue \u00e0 proposer une cuisine fran\u00e7aise gastronomique de caract\u00e8re, qui ait du sens et le go\u00fbt des choses simples.","robots":{"index":"index","follow":"follow","max-snippet":"max-snippet:-1","max-image-preview":"max-image-preview:large","max-video-preview":"max-video-preview:-1"},"canonical":"https:\/\/www.domaineducastellas.fr\/en\/little-secrets\/petits-plats-en\/quand-la-table-1720-fait-la-part-belle-a-la-gastronomie-du-luberon\/","og_locale":"en_US","og_type":"article","og_title":"La Table 1720 & la gastronomie du Luberon - Domaine du Castellas","og_description":"Le Domaine du Castellas s\u2019\u00e9vertue \u00e0 proposer une cuisine fran\u00e7aise gastronomique de caract\u00e8re, qui ait du sens et le go\u00fbt des choses simples.","og_url":"https:\/\/www.domaineducastellas.fr\/en\/little-secrets\/petits-plats-en\/quand-la-table-1720-fait-la-part-belle-a-la-gastronomie-du-luberon\/","og_site_name":"Domaine du Castellas","article_published_time":"2021-09-30T14:14:54+00:00","article_modified_time":"2025-11-03T11:27:24+00:00","og_image":[{"width":1707,"height":2560,"url":"https:\/\/www.domaineducastellas.fr\/wp-content\/uploads\/2023\/06\/Covaproductions-Castellas-217.jpg","type":"image\/jpeg"}],"author":"castellas_admin","twitter_card":"summary_large_image","twitter_misc":{"Written by":"castellas_admin"},"schema":{"@context":"https:\/\/schema.org","@graph":[{"@type":"Article","@id":"https:\/\/www.domaineducastellas.fr\/en\/little-secrets\/petits-plats-en\/quand-la-table-1720-fait-la-part-belle-a-la-gastronomie-du-luberon\/#article","isPartOf":{"@id":"https:\/\/www.domaineducastellas.fr\/en\/little-secrets\/petits-plats-en\/quand-la-table-1720-fait-la-part-belle-a-la-gastronomie-du-luberon\/"},"author":{"name":"castellas_admin","@id":"https:\/\/www.domaineducastellas.fr\/en\/#\/schema\/person\/9d0e2385e14a4b61508cbfa42f688015"},"headline":"La Table 1720 &#038; la gastronomie du Luberon","datePublished":"2021-09-30T14:14:54+00:00","dateModified":"2025-11-03T11:27:24+00:00","mainEntityOfPage":{"@id":"https:\/\/www.domaineducastellas.fr\/en\/little-secrets\/petits-plats-en\/quand-la-table-1720-fait-la-part-belle-a-la-gastronomie-du-luberon\/"},"wordCount":6,"image":{"@id":"https:\/\/www.domaineducastellas.fr\/en\/little-secrets\/petits-plats-en\/quand-la-table-1720-fait-la-part-belle-a-la-gastronomie-du-luberon\/#primaryimage"},"thumbnailUrl":"https:\/\/www.domaineducastellas.fr\/wp-content\/uploads\/2023\/06\/Covaproductions-Castellas-217.jpg","articleSection":["Petits plats"],"inLanguage":"en-US"},{"@type":"WebPage","@id":"https:\/\/www.domaineducastellas.fr\/en\/little-secrets\/petits-plats-en\/quand-la-table-1720-fait-la-part-belle-a-la-gastronomie-du-luberon\/","url":"https:\/\/www.domaineducastellas.fr\/en\/little-secrets\/petits-plats-en\/quand-la-table-1720-fait-la-part-belle-a-la-gastronomie-du-luberon\/","name":"La Table 1720 & la gastronomie du Luberon - Domaine du Castellas","isPartOf":{"@id":"https:\/\/www.domaineducastellas.fr\/en\/#website"},"primaryImageOfPage":{"@id":"https:\/\/www.domaineducastellas.fr\/en\/little-secrets\/petits-plats-en\/quand-la-table-1720-fait-la-part-belle-a-la-gastronomie-du-luberon\/#primaryimage"},"image":{"@id":"https:\/\/www.domaineducastellas.fr\/en\/little-secrets\/petits-plats-en\/quand-la-table-1720-fait-la-part-belle-a-la-gastronomie-du-luberon\/#primaryimage"},"thumbnailUrl":"https:\/\/www.domaineducastellas.fr\/wp-content\/uploads\/2023\/06\/Covaproductions-Castellas-217.jpg","datePublished":"2021-09-30T14:14:54+00:00","dateModified":"2025-11-03T11:27:24+00:00","author":{"@id":"https:\/\/www.domaineducastellas.fr\/en\/#\/schema\/person\/9d0e2385e14a4b61508cbfa42f688015"},"description":"Le Domaine du Castellas s\u2019\u00e9vertue \u00e0 proposer une cuisine fran\u00e7aise gastronomique de caract\u00e8re, qui ait du sens et le go\u00fbt des choses simples.","breadcrumb":{"@id":"https:\/\/www.domaineducastellas.fr\/en\/little-secrets\/petits-plats-en\/quand-la-table-1720-fait-la-part-belle-a-la-gastronomie-du-luberon\/#breadcrumb"},"inLanguage":"en-US","potentialAction":[{"@type":"ReadAction","target":["https:\/\/www.domaineducastellas.fr\/en\/little-secrets\/petits-plats-en\/quand-la-table-1720-fait-la-part-belle-a-la-gastronomie-du-luberon\/"]}]},{"@type":"ImageObject","inLanguage":"en-US","@id":"https:\/\/www.domaineducastellas.fr\/en\/little-secrets\/petits-plats-en\/quand-la-table-1720-fait-la-part-belle-a-la-gastronomie-du-luberon\/#primaryimage","url":"https:\/\/www.domaineducastellas.fr\/wp-content\/uploads\/2023\/06\/Covaproductions-Castellas-217.jpg","contentUrl":"https:\/\/www.domaineducastellas.fr\/wp-content\/uploads\/2023\/06\/Covaproductions-Castellas-217.jpg","width":1707,"height":2560},{"@type":"BreadcrumbList","@id":"https:\/\/www.domaineducastellas.fr\/en\/little-secrets\/petits-plats-en\/quand-la-table-1720-fait-la-part-belle-a-la-gastronomie-du-luberon\/#breadcrumb","itemListElement":[{"@type":"ListItem","position":1,"name":"Accueil","item":"https:\/\/www.domaineducastellas.fr\/en\/"},{"@type":"ListItem","position":2,"name":"La Table 1720 &#038; la gastronomie du Luberon"}]},{"@type":"WebSite","@id":"https:\/\/www.domaineducastellas.fr\/en\/#website","url":"https:\/\/www.domaineducastellas.fr\/en\/","name":"Domaine du Castellas","description":"Le Hameau du Luberon","potentialAction":[{"@type":"SearchAction","target":{"@type":"EntryPoint","urlTemplate":"https:\/\/www.domaineducastellas.fr\/en\/?s={search_term_string}"},"query-input":{"@type":"PropertyValueSpecification","valueRequired":true,"valueName":"search_term_string"}}],"inLanguage":"en-US"},{"@type":"Person","@id":"https:\/\/www.domaineducastellas.fr\/en\/#\/schema\/person\/9d0e2385e14a4b61508cbfa42f688015","name":"castellas_admin","image":{"@type":"ImageObject","inLanguage":"en-US","@id":"https:\/\/secure.gravatar.com\/avatar\/2e4b9d496b74354910b331b89709ae911bc15664c702753a890d0436d7801f37?s=96&d=mm&r=g","url":"https:\/\/secure.gravatar.com\/avatar\/2e4b9d496b74354910b331b89709ae911bc15664c702753a890d0436d7801f37?s=96&d=mm&r=g","contentUrl":"https:\/\/secure.gravatar.com\/avatar\/2e4b9d496b74354910b331b89709ae911bc15664c702753a890d0436d7801f37?s=96&d=mm&r=g","caption":"castellas_admin"}}]}},"_links":{"self":[{"href":"https:\/\/www.domaineducastellas.fr\/en\/wp-json\/wp\/v2\/posts\/3387","targetHints":{"allow":["GET"]}}],"collection":[{"href":"https:\/\/www.domaineducastellas.fr\/en\/wp-json\/wp\/v2\/posts"}],"about":[{"href":"https:\/\/www.domaineducastellas.fr\/en\/wp-json\/wp\/v2\/types\/post"}],"author":[{"embeddable":true,"href":"https:\/\/www.domaineducastellas.fr\/en\/wp-json\/wp\/v2\/users\/1"}],"replies":[{"embeddable":true,"href":"https:\/\/www.domaineducastellas.fr\/en\/wp-json\/wp\/v2\/comments?post=3387"}],"version-history":[{"count":3,"href":"https:\/\/www.domaineducastellas.fr\/en\/wp-json\/wp\/v2\/posts\/3387\/revisions"}],"predecessor-version":[{"id":5193,"href":"https:\/\/www.domaineducastellas.fr\/en\/wp-json\/wp\/v2\/posts\/3387\/revisions\/5193"}],"wp:featuredmedia":[{"embeddable":true,"href":"https:\/\/www.domaineducastellas.fr\/en\/wp-json\/wp\/v2\/media\/3830"}],"wp:attachment":[{"href":"https:\/\/www.domaineducastellas.fr\/en\/wp-json\/wp\/v2\/media?parent=3387"}],"wp:term":[{"taxonomy":"category","embeddable":true,"href":"https:\/\/www.domaineducastellas.fr\/en\/wp-json\/wp\/v2\/categories?post=3387"},{"taxonomy":"post_tag","embeddable":true,"href":"https:\/\/www.domaineducastellas.fr\/en\/wp-json\/wp\/v2\/tags?post=3387"}],"curies":[{"name":"wp","href":"https:\/\/api.w.org\/{rel}","templated":true}]}}